{"id":211841,"date":"2023-04-27T16:33:41","date_gmt":"2023-04-27T14:33:41","guid":{"rendered":"https:\/\/eyragues-multimedia.fr\/portail\/?p=211841"},"modified":"2025-08-15T10:43:35","modified_gmt":"2025-08-15T08:43:35","slug":"les-fleurs-en-fetes","status":"publish","type":"post","link":"https:\/\/www.eyragues-multimedia.fr\/portail\/les-fleurs-en-fetes\/","title":{"rendered":"Les Fleurs en F\u00eates"},"content":{"rendered":"\n\t\t\n\t\t\t<div class=\"et_pb_section_0 et_pb_section et_section_regular et_flex_section\">\n\t\t\t\t<div class=\"et_pb_row_0 et_pb_row et_flex_row\">\n\t\t\t\t\t<div class=\"et_pb_column_0 et_pb_column et-last-child et_flex_column et_pb_css_mix_blend_mode_passthrough et_flex_column_24_24 et_flex_column_24_24_tablet et_flex_column_24_24_phone\"><div class=\"et_pb_text_0 et_pb_text et_pb_bg_layout_light et_pb_module et_flex_module\"><div class=\"et_pb_text_inner\"><h1>Les Fleurs en F\u00eates<\/h1>\n<p>C'est une journ\u00e9e qui sent bon le printemps que propose l'association Li Vihado et le comit\u00e9 des f\u00eates d'Eyragues. Au programme de cette f\u00eate des fleurs, des ateliers pour enfants, de la peinture, de la plantation, de l'artisanat, un concert, des musiques et danses proven\u00e7ales ainsi que de quoi se restaurer et se rafra\u00eechir.<\/p>\n<p>Mais c'est surtout la sc\u00e8ne des animations proven\u00e7ales qui promet de vous transporter dans une ambiance des plus festives. Venez donc vibrer avec les membres de l'Escolo di Tourre de Chateaurenard autour de la vie au lavoir et de la bugado. Vous pourrez assister \u00e9galement au concert donn\u00e9 \u00e0 11 heures par les artistes incontournables de Crous e Pielo.<\/p>\n<p>La carreto de Mount-Favet vous entra\u00eenera dans la classe des ann\u00e9es 50, tandis que Li Festejaire de Beaucaire vous guidera dans la d\u00e9couverte de la musique traditionnelle de la r\u00e9gion. Enfin, la troupe de La Ribambello de Graveson vous fera d\u00e9couvrir les danses folkloriques accompagn\u00e9es de d\u00e9monstrations des fameux fouetteurs.<\/p>\n<p>Rendez-vous donc le dimanche 7 mai 2023 au Parc des Po\u00e8tes \u00e0 Eyragues pour une journ\u00e9e haute en couleurs et en fleurs !<\/p>\n<p><a href=\"https:\/\/www.eyragues-multimedia.fr\/portail\/wp-content\/uploads\/2023\/04\/journee-du-7-mai.webp\"><img loading=\"lazy\" decoding=\"async\" class=\"alignnone wp-image-211849 size-full\" src=\"https:\/\/www.eyragues-multimedia.fr\/portail\/wp-content\/uploads\/2023\/04\/journee-du-7-mai.webp\" alt=\"\" width=\"1240\" height=\"1754\" srcset=\"https:\/\/www.eyragues-multimedia.fr\/portail\/wp-content\/uploads\/2023\/04\/journee-du-7-mai.webp 1240w, https:\/\/www.eyragues-multimedia.fr\/portail\/wp-content\/uploads\/2023\/04\/journee-du-7-mai-980x1386.webp 980w, https:\/\/www.eyragues-multimedia.fr\/portail\/wp-content\/uploads\/2023\/04\/journee-du-7-mai-480x679.webp 480w\" sizes=\"(min-width: 0px) and (max-width: 480px) 480px, (min-width: 481px) and (max-width: 980px) 980px, (min-width: 981px) 1240px, 100vw\" \/><\/a><\/p>\n<p>&nbsp;<\/p>\n<p>&nbsp;<\/p>\n<\/div><\/div><\/div>\n\t\t\t\t<\/div>\n\t\t\t<\/div>\n\t\t","protected":false},"excerpt":{"rendered":"","protected":false},"author":1,"featured_media":211847,"comment_status":"open","ping_status":"open","sticky":false,"template":"","format":"standard","meta":{"_price":"","_stock":"","_tribe_ticket_header":"","_tribe_default_ticket_provider":"","_tribe_ticket_capacity":"0","_ticket_start_date":"","_ticket_end_date":"","_tribe_ticket_show_description":"","_tribe_ticket_show_not_going":false,"_tribe_ticket_use_global_stock":"","_tribe_ticket_global_stock_level":"","_global_stock_mode":"","_global_stock_cap":"","_tribe_rsvp_for_event":"","_tribe_ticket_going_count":"","_tribe_ticket_not_going_count":"","_tribe_tickets_list":"[]","_tribe_ticket_has_attendee_info_fields":false,"slim_seo":{"facebook_image":"https:\/\/www.eyragues-multimedia.fr\/portail\/wp-content\/uploads\/2022\/01\/CreerAffiche.webp","title":"Les Fleurs en F\u00eates - Eyragues Multim\u00e9dia","description":""},"iawp_total_views":1,"footnotes":""},"categories":[91],"tags":[],"class_list":["post-211841","post","type-post","status-publish","format-standard","has-post-thumbnail","hentry","category-actu"],"dsm_author":{"name":"Jean-Louis MANIFACIER","avatar_url":"https:\/\/www.eyragues-multimedia.fr\/portail\/wp-content\/uploads\/ultimatemember\/1\/profile_photo.jpg?1777573391","archive_link":"https:\/\/www.eyragues-multimedia.fr\/portail","biodata":"Webmaster du site"},"dsm_categories":[{"term_name":"Actu","term_id":91,"term_link":"https:\/\/www.eyragues-multimedia.fr\/portail\/category\/actu\/"}],"dsm_attachment_categories":[],"dsm_featured_image":{"thumbnail":"https:\/\/www.eyragues-multimedia.fr\/portail\/wp-content\/uploads\/2023\/04\/Affiche-fleurs-en-fete-2023-150x150.webp","medium":"https:\/\/www.eyragues-multimedia.fr\/portail\/wp-content\/uploads\/2023\/04\/Affiche-fleurs-en-fete-2023-300x255.webp","medium_large":"https:\/\/www.eyragues-multimedia.fr\/portail\/wp-content\/uploads\/2023\/04\/Affiche-fleurs-en-fete-2023-768x653.webp","large":"https:\/\/www.eyragues-multimedia.fr\/portail\/wp-content\/uploads\/2023\/04\/Affiche-fleurs-en-fete-2023.webp","1536x1536":"https:\/\/www.eyragues-multimedia.fr\/portail\/wp-content\/uploads\/2023\/04\/Affiche-fleurs-en-fete-2023.webp","2048x2048":"https:\/\/www.eyragues-multimedia.fr\/portail\/wp-content\/uploads\/2023\/04\/Affiche-fleurs-en-fete-2023.webp","et-pb-post-main-image":"https:\/\/www.eyragues-multimedia.fr\/portail\/wp-content\/uploads\/2023\/04\/Affiche-fleurs-en-fete-2023-400x250.webp","et-pb-post-main-image-fullwidth":"https:\/\/www.eyragues-multimedia.fr\/portail\/wp-content\/uploads\/2023\/04\/Affiche-fleurs-en-fete-2023-965x675.webp","et-pb-portfolio-image":"https:\/\/www.eyragues-multimedia.fr\/portail\/wp-content\/uploads\/2023\/04\/Affiche-fleurs-en-fete-2023-400x284.webp","et-pb-portfolio-module-image":"https:\/\/www.eyragues-multimedia.fr\/portail\/wp-content\/uploads\/2023\/04\/Affiche-fleurs-en-fete-2023-510x382.webp","et-pb-portfolio-image-single":"https:\/\/www.eyragues-multimedia.fr\/portail\/wp-content\/uploads\/2023\/04\/Affiche-fleurs-en-fete-2023.webp","et-pb-gallery-module-image-portrait":"https:\/\/www.eyragues-multimedia.fr\/portail\/wp-content\/uploads\/2023\/04\/Affiche-fleurs-en-fete-2023-400x516.webp","et-pb-post-main-image-fullwidth-large":"https:\/\/www.eyragues-multimedia.fr\/portail\/wp-content\/uploads\/2023\/04\/Affiche-fleurs-en-fete-2023.webp","et-pb-image--responsive--desktop":"https:\/\/www.eyragues-multimedia.fr\/portail\/wp-content\/uploads\/2023\/04\/Affiche-fleurs-en-fete-2023.webp","et-pb-image--responsive--tablet":"https:\/\/www.eyragues-multimedia.fr\/portail\/wp-content\/uploads\/2023\/04\/Affiche-fleurs-en-fete-2023.webp","et-pb-image--responsive--phone":"https:\/\/www.eyragues-multimedia.fr\/portail\/wp-content\/uploads\/2023\/04\/Affiche-fleurs-en-fete-2023-480x408.webp","mailpoet_newsletter_max":"https:\/\/www.eyragues-multimedia.fr\/portail\/wp-content\/uploads\/2023\/04\/Affiche-fleurs-en-fete-2023.webp","full":"https:\/\/www.eyragues-multimedia.fr\/portail\/wp-content\/uploads\/2023\/04\/Affiche-fleurs-en-fete-2023.webp"},"_links":{"self":[{"href":"https:\/\/www.eyragues-multimedia.fr\/portail\/wp-json\/wp\/v2\/posts\/211841","targetHints":{"allow":["GET"]}}],"collection":[{"href":"https:\/\/www.eyragues-multimedia.fr\/portail\/wp-json\/wp\/v2\/posts"}],"about":[{"href":"https:\/\/www.eyragues-multimedia.fr\/portail\/wp-json\/wp\/v2\/types\/post"}],"author":[{"embeddable":true,"href":"https:\/\/www.eyragues-multimedia.fr\/portail\/wp-json\/wp\/v2\/users\/1"}],"replies":[{"embeddable":true,"href":"https:\/\/www.eyragues-multimedia.fr\/portail\/wp-json\/wp\/v2\/comments?post=211841"}],"version-history":[{"count":0,"href":"https:\/\/www.eyragues-multimedia.fr\/portail\/wp-json\/wp\/v2\/posts\/211841\/revisions"}],"wp:featuredmedia":[{"embeddable":true,"href":"https:\/\/www.eyragues-multimedia.fr\/portail\/wp-json\/wp\/v2\/media\/211847"}],"wp:attachment":[{"href":"https:\/\/www.eyragues-multimedia.fr\/portail\/wp-json\/wp\/v2\/media?parent=211841"}],"wp:term":[{"taxonomy":"category","embeddable":true,"href":"https:\/\/www.eyragues-multimedia.fr\/portail\/wp-json\/wp\/v2\/categories?post=211841"},{"taxonomy":"post_tag","embeddable":true,"href":"https:\/\/www.eyragues-multimedia.fr\/portail\/wp-json\/wp\/v2\/tags?post=211841"}],"curies":[{"name":"wp","href":"https:\/\/api.w.org\/{rel}","templated":true}]}}