{"id":2221,"date":"2018-04-14T18:44:42","date_gmt":"2018-04-14T16:44:42","guid":{"rendered":"https:\/\/eyragues-multimedia.fr\/portail\/?p=2221"},"modified":"2025-08-15T10:43:04","modified_gmt":"2025-08-15T08:43:04","slug":"comment-pourra-t-on-changer-de-societe-sans-changer-les-regles","status":"publish","type":"post","link":"https:\/\/www.eyragues-multimedia.fr\/portail\/comment-pourra-t-on-changer-de-societe-sans-changer-les-regles\/","title":{"rendered":"Comment pourra-t-on changer de soci\u00e9t\u00e9 sans changer les r\u00e8gles ?"},"content":{"rendered":"<div class=\"et_d4_element et_pb_section et_pb_section_0  et_pb_css_mix_blend_mode et_section_regular section_has_divider et_pb_top_divider et_block_section\" >\n\t\t\t\t<div class=\"et_pb_top_inside_divider et-no-transition\"><\/div>\n\t\t\t\t\n\t\t\t\t\n\t\t\t\t\n\t\t\t\t\n\t\t\t\t\n\t\t\t\t<div class=\"et_d4_element et_pb_row et_pb_row_0  et_pb_css_mix_blend_mode et_block_row\">\n\t\t\t\t<div class=\"et_d4_element et_pb_column_4_4 et_pb_column et_pb_column_0  et_pb_css_mix_blend_mode et-last-child et_block_column\">\n\t\t\t\t\n\t\t\t\t\n\t\t\t\t\n\t\t\t\t\n\t\t\t\t<div class=\"et_pb_module et_d4_element et_pb_post_title et_pb_post_title_0 et_pb_bg_layout_light  et_pb_text_align_left\"   >\n\t\t\t\t\n\t\t\t\t\n\t\t\t\t\n\t\t\t\t\n\t\t\t\t\n\t\t\t\t<div class=\"et_pb_title_container\">\n\t\t\t\t\t<h1 class=\"entry-title\"><\/h1>\n\t\t\t\t<\/div>\n\t\t\t\t\n\t\t\t<\/div><div class=\"et_pb_module et_d4_element et_pb_text et_pb_text_0  et_pb_text_align_left et_pb_bg_layout_light\">\n\t\t\t\t\n\t\t\t\t\n\t\t\t\t\n\t\t\t\t\n\t\t\t\t<div class=\"et_pb_text_inner\"><h3>Cette phrase m'a \u00e9t\u00e9 inspir\u00e9 par ce qui se passe \u00e0 Notre-Dame-Des-Landes...<\/h3>\r\nHier lors de ma tourn\u00e9e commerciale, je me suis immisc\u00e9 dans une conversation entre mon client et l'un de ses clients concernant l'\u00e9vacuation de la ZAD de nddl... ce dernier pestait contre ces squatteurs qui s'installaient l\u00e0, sans titre de propri\u00e9t\u00e9 et cultiv\u00e9s la terre... je me suis rendu compte que le grand public ne voyait que la vitrine que nous servaient les m\u00e9dias \u00e0 longueur de temps et qu'il n'avait aucune id\u00e9e de ce qu'il se passait en r\u00e9alit\u00e9... certes, il y a bien dans le lot quelques squatteurs sans projets concrets et qui ne sont l\u00e0 que pour contester l'autorit\u00e9 de l'\u00e9tat et en d\u00e9coudre avec la mar\u00e9chauss\u00e9e... mais il y avait surtout des groupes d'individus qui voulaient exp\u00e9rimenter le monde de demain, un monde o\u00f9 il y aurait de quoi manger sainement pour tous et un monde o\u00f9 l'argent seul ne dirigerait plus nos vies... Je dis bien il y avait !!!! car la ferme des 100 noms n'est plus !!!!\r\n\r\n<img loading=\"lazy\" decoding=\"async\" class=\"alignnone size-full wp-image-1122\" src=\"https:\/\/www.eyragues-multimedia.fr\/portail\/wp-content\/uploads\/2018\/04\/14789394-1.jpg\" alt=\"\" width=\"578\" height=\"325\" \/>\r\nPhoto de la ch\u00e8vrerie d\u00e9truite apr\u00e8s l\u2019expulsion\r\n\r\nCette ferme o\u00f9 un collectif avait d\u00e9pos\u00e9 un dossier, ou l'ensemble du groupe c'\u00e9tait d\u00e9clar\u00e9 depuis cinq ans comme habitant les lieux ont vu leur projet rejet\u00e9 dans une derni\u00e8re action en justice... Quand le discours officiel est \u00ab les expulsions ne concerneront que les zadistes qui n'ont pas d\u00e9clar\u00e9s un vrai projet \u00bb, et que l'on voit ce que l'on voit !!!\r\n\r\nC'est pour cette raison que dans le cas pr\u00e9sent, je suis pour une d\u00e9sob\u00e9issance civile...\r\n\r\nPS : la personne cit\u00e9e au d\u00e9but de cet article m'a remerci\u00e9 de lui avoir ouvert les yeux et montr\u00e9 l'autre c\u00f4t\u00e9 du miroir\u00a0J\r\n\r\n&nbsp;\r<\/div>\n\t\t\t<\/div><div class=\"et_pb_module et_d4_element et_pb_divider et_pb_divider_0 et_pb_space\"><div class=\"et_pb_divider_internal\"><\/div><\/div><div class=\"et_pb_module et_d4_element et_pb_sidebar_0 et_pb_widget_area clearfix et_pb_widget_area_left et_pb_bg_layout_light\">\n\t\t\t\t\n\t\t\t\t\n\t\t\t\t\n\t\t\t\t\n\t\t\t\t\n\t\t\t<\/div>\n\t\t\t<\/div>\n\t\t\t\t\n\t\t\t\t\n\t\t\t\t\n\t\t\t\t\n\t\t\t<\/div>\n\t\t\t\t\n\t\t\t\t\n\t\t\t<\/div>","protected":false},"excerpt":{"rendered":"","protected":false},"author":1,"featured_media":2222,"comment_status":"open","ping_status":"open","sticky":false,"template":"","format":"standard","meta":{"_price":"","_stock":"","_tribe_ticket_header":"","_tribe_default_ticket_provider":"","_tribe_ticket_capacity":"0","_ticket_start_date":"","_ticket_end_date":"","_tribe_ticket_show_description":"","_tribe_ticket_show_not_going":false,"_tribe_ticket_use_global_stock":"","_tribe_ticket_global_stock_level":"","_global_stock_mode":"","_global_stock_cap":"","_tribe_rsvp_for_event":"","_tribe_ticket_going_count":"","_tribe_ticket_not_going_count":"","_tribe_tickets_list":"[]","_tribe_ticket_has_attendee_info_fields":false,"slim_seo":{"title":"Comment pourra-t-on changer de soci\u00e9t\u00e9 sans changer les r\u00e8gles ? - Eyragues Multim\u00e9dia","description":"Cette phrase m'a \u00e9t\u00e9 inspir\u00e9 par ce qui se passe \u00e0 Notre-Dame-Des-Landes... Hier lors de ma tourn\u00e9e commerciale, je me suis immisc\u00e9 dans une conversation entre"},"_et_pb_use_builder":"on","_et_pb_old_content":"","_et_gb_content_width":"","iawp_total_views":0,"footnotes":""},"categories":[91],"tags":[],"class_list":["post-2221","post","type-post","status-publish","format-standard","has-post-thumbnail","hentry","category-actu"],"dsm_author":{"name":"Jean-Louis MANIFACIER","avatar_url":"https:\/\/www.eyragues-multimedia.fr\/portail\/wp-content\/uploads\/ultimatemember\/1\/profile_photo.jpg?1777628122","archive_link":"https:\/\/www.eyragues-multimedia.fr\/portail","biodata":"Webmaster du site"},"dsm_categories":[{"term_name":"Actu","term_id":91,"term_link":"https:\/\/www.eyragues-multimedia.fr\/portail\/category\/actu\/"}],"dsm_attachment_categories":[],"dsm_featured_image":{"thumbnail":"https:\/\/www.eyragues-multimedia.fr\/portail\/wp-content\/uploads\/2018\/04\/14789394-1-150x150.jpg","medium":"https:\/\/www.eyragues-multimedia.fr\/portail\/wp-content\/uploads\/2018\/04\/14789394-1-300x169.jpg","medium_large":"https:\/\/www.eyragues-multimedia.fr\/portail\/wp-content\/uploads\/2018\/04\/14789394-1.jpg","large":"https:\/\/www.eyragues-multimedia.fr\/portail\/wp-content\/uploads\/2018\/04\/14789394-1.jpg","1536x1536":"https:\/\/www.eyragues-multimedia.fr\/portail\/wp-content\/uploads\/2018\/04\/14789394-1.jpg","2048x2048":"https:\/\/www.eyragues-multimedia.fr\/portail\/wp-content\/uploads\/2018\/04\/14789394-1.jpg","et-pb-post-main-image":"https:\/\/www.eyragues-multimedia.fr\/portail\/wp-content\/uploads\/2018\/04\/14789394-1-400x250.jpg","et-pb-post-main-image-fullwidth":"https:\/\/www.eyragues-multimedia.fr\/portail\/wp-content\/uploads\/2018\/04\/14789394-1.jpg","et-pb-portfolio-image":"https:\/\/www.eyragues-multimedia.fr\/portail\/wp-content\/uploads\/2018\/04\/14789394-1-400x284.jpg","et-pb-portfolio-module-image":"https:\/\/www.eyragues-multimedia.fr\/portail\/wp-content\/uploads\/2018\/04\/14789394-1-510x325.jpg","et-pb-portfolio-image-single":"https:\/\/www.eyragues-multimedia.fr\/portail\/wp-content\/uploads\/2018\/04\/14789394-1.jpg","et-pb-gallery-module-image-portrait":"https:\/\/www.eyragues-multimedia.fr\/portail\/wp-content\/uploads\/2018\/04\/14789394-1-400x325.jpg","et-pb-post-main-image-fullwidth-large":"https:\/\/www.eyragues-multimedia.fr\/portail\/wp-content\/uploads\/2018\/04\/14789394-1.jpg","et-pb-image--responsive--desktop":"https:\/\/www.eyragues-multimedia.fr\/portail\/wp-content\/uploads\/2018\/04\/14789394-1.jpg","et-pb-image--responsive--tablet":"https:\/\/www.eyragues-multimedia.fr\/portail\/wp-content\/uploads\/2018\/04\/14789394-1.jpg","et-pb-image--responsive--phone":"https:\/\/www.eyragues-multimedia.fr\/portail\/wp-content\/uploads\/2018\/04\/14789394-1.jpg","mailpoet_newsletter_max":"https:\/\/www.eyragues-multimedia.fr\/portail\/wp-content\/uploads\/2018\/04\/14789394-1.jpg","full":"https:\/\/www.eyragues-multimedia.fr\/portail\/wp-content\/uploads\/2018\/04\/14789394-1.jpg"},"_links":{"self":[{"href":"https:\/\/www.eyragues-multimedia.fr\/portail\/wp-json\/wp\/v2\/posts\/2221","targetHints":{"allow":["GET"]}}],"collection":[{"href":"https:\/\/www.eyragues-multimedia.fr\/portail\/wp-json\/wp\/v2\/posts"}],"about":[{"href":"https:\/\/www.eyragues-multimedia.fr\/portail\/wp-json\/wp\/v2\/types\/post"}],"author":[{"embeddable":true,"href":"https:\/\/www.eyragues-multimedia.fr\/portail\/wp-json\/wp\/v2\/users\/1"}],"replies":[{"embeddable":true,"href":"https:\/\/www.eyragues-multimedia.fr\/portail\/wp-json\/wp\/v2\/comments?post=2221"}],"version-history":[{"count":0,"href":"https:\/\/www.eyragues-multimedia.fr\/portail\/wp-json\/wp\/v2\/posts\/2221\/revisions"}],"wp:featuredmedia":[{"embeddable":true,"href":"https:\/\/www.eyragues-multimedia.fr\/portail\/wp-json\/wp\/v2\/media\/2222"}],"wp:attachment":[{"href":"https:\/\/www.eyragues-multimedia.fr\/portail\/wp-json\/wp\/v2\/media?parent=2221"}],"wp:term":[{"taxonomy":"category","embeddable":true,"href":"https:\/\/www.eyragues-multimedia.fr\/portail\/wp-json\/wp\/v2\/categories?post=2221"},{"taxonomy":"post_tag","embeddable":true,"href":"https:\/\/www.eyragues-multimedia.fr\/portail\/wp-json\/wp\/v2\/tags?post=2221"}],"curies":[{"name":"wp","href":"https:\/\/api.w.org\/{rel}","templated":true}]}}