{"id":2940,"date":"2018-09-08T10:00:06","date_gmt":"2018-09-08T08:00:06","guid":{"rendered":"https:\/\/eyragues-multimedia.fr\/portail\/?p=2940"},"modified":"2025-08-15T10:43:13","modified_gmt":"2025-08-15T08:43:13","slug":"le-forum-des-associations-2018","status":"publish","type":"post","link":"https:\/\/www.eyragues-multimedia.fr\/portail\/le-forum-des-associations-2018\/","title":{"rendered":"Le Forum des associations 2018"},"content":{"rendered":"<div class=\"et_pb_section_0 et_pb_section et_section_regular et_block_section section_has_divider et_pb_top_divider\"><div class=\"et_pb_top_inside_divider et-no-transition\"><\/div><div class=\"et_pb_row_0 et_pb_row et_block_row\"><div class=\"et_pb_column_0 et_pb_column et_pb_column_4_4 et-last-child et_block_column et_pb_css_mix_blend_mode_passthrough\"><div class=\"et_pb_post_title_0 et_pb_post_title et_pb_bg_layout_light et_pb_module et_flex_module\"><div class=\"et_pb_title_container\"><h1 class=\"entry-title\">Le Forum des associations 2018<\/h1><p class=\"et_pb_title_meta_container\">par <span class=\"author vcard\"><a href=\"https:\/\/www.eyragues-multimedia.fr\/portail\" title=\"Articles par Jean-Louis MANIFACIER\">Jean-Louis MANIFACIER<\/a><\/span> | <span class=\"published\">8 septembre 2018<\/span> | <span class=\"comments-number\"><a href=\"https:\/\/www.eyragues-multimedia.fr\/portail\/le-forum-des-associations-2018\/#respond\">0 commentaire<\/a><\/span><\/p><\/div><\/div><\/div><\/div><div class=\"et_pb_row_1 et_pb_row et_block_row\"><div class=\"et_pb_column_1 et_pb_column et_pb_column_2_5 et_block_column et_pb_css_mix_blend_mode_passthrough\"><div class=\"et_pb_image_0 et_pb_image et_pb_module et_flex_module\"><a href=\"https:\/\/www.eyragues-multimedia.fr\/portail\/wp-content\/uploads\/2018\/09\/Forum2018.jpg\" class=\"et_pb_lightbox_image\"><span class=\"et_pb_image_wrap\"><img loading=\"lazy\" decoding=\"async\" src=\"https:\/\/www.eyragues-multimedia.fr\/portail\/wp-content\/uploads\/2018\/09\/Forum2018.jpg\" title=\"Forum2018\" width=\"1080\" height=\"810\" srcset=\"https:\/\/www.eyragues-multimedia.fr\/portail\/wp-content\/uploads\/2018\/09\/Forum2018.jpg 1080w, https:\/\/www.eyragues-multimedia.fr\/portail\/wp-content\/uploads\/2018\/09\/Forum2018-300x225.jpg 300w, https:\/\/www.eyragues-multimedia.fr\/portail\/wp-content\/uploads\/2018\/09\/Forum2018-768x576.jpg 768w, https:\/\/www.eyragues-multimedia.fr\/portail\/wp-content\/uploads\/2018\/09\/Forum2018-1024x768.jpg 1024w, https:\/\/www.eyragues-multimedia.fr\/portail\/wp-content\/uploads\/2018\/09\/Forum2018-510x382.jpg 510w, https:\/\/www.eyragues-multimedia.fr\/portail\/wp-content\/uploads\/2018\/09\/Forum2018-610x458.jpg 610w\" sizes=\"(max-width: 1080px) 100vw, 1080px\" class=\"wp-image-2942\" \/><\/span><\/a><\/div><\/div><div class=\"et_pb_column_2 et_pb_column et_pb_column_3_5 et-last-child et_block_column et_pb_css_mix_blend_mode_passthrough\"><div class=\"et_pb_text_0 et_pb_text et_pb_bg_layout_light et_pb_module et_flex_module\"><div class=\"et_pb_text_inner\"><p>L'association Eyragues Multim\u00e9dia remercie celles et ceux qui ont pu venir nous rendre visite sur le stand en cette belle journ\u00e9e ensoleill\u00e9e.<\/p>\n<p>En effet, une apr\u00e8s-midi magnifique sur la place du march\u00e9 avec un public venu en nombre rencontrer les associations de notre village. Nous avons eu de beaux \u00e9changes et de nouveaux adh\u00e9rents potentiels qui pourraient enfin trouver les r\u00e9ponses adapt\u00e9es \u00e0 leurs difficult\u00e9s \u00e0 utiliser l\u2019outil informatique...<\/p>\n<p>La rentr\u00e9e est pr\u00e9vue le jeudi 13 septembre \u00e0 partir de 20 h salle Baudile Lagnel.<\/p>\n<p>Cette premi\u00e8re r\u00e9union de la saison 2018-2019 est une pr\u00e9sentation de l'association suivie d'un compte rendu de l'ann\u00e9e pr\u00e9c\u00e9dente et d'un expos\u00e9 des nouvelles orientations et des nouveaut\u00e9s qui nous l\u2019esp\u00e9rons, ravirons les nouveaux venus comme les anciens...<\/p>\n<p>venez nombreux<\/p>\n<p>Merci encore,<\/p>\n<p>Toute l'\u00e9quipe<\/p>\n<\/div><\/div><\/div><\/div><div class=\"et_pb_row_2 et_pb_row et_block_row\"><div class=\"et_pb_column_3 et_pb_column et_pb_column_4_4 et-last-child et_block_column et_pb_css_mix_blend_mode_passthrough\"><div class=\"et_pb_divider_0 et_pb_divider et_pb_space et_pb_divider_position_top et_pb_module\"><div class=\"et_pb_divider_internal\"><\/div><\/div><div class=\"et_pb_sidebar_0 et_pb_widget_area clearfix et_pb_widget_area_left et_pb_bg_layout_light et_pb_module et_flex_module\"><\/div><\/div><\/div><\/div>","protected":false},"excerpt":{"rendered":"","protected":false},"author":1,"featured_media":2942,"comment_status":"open","ping_status":"open","sticky":false,"template":"","format":"standard","meta":{"_price":"","_stock":"","_tribe_ticket_header":"","_tribe_default_ticket_provider":"","_tribe_ticket_capacity":"0","_ticket_start_date":"","_ticket_end_date":"","_tribe_ticket_show_description":"","_tribe_ticket_show_not_going":false,"_tribe_ticket_use_global_stock":"","_tribe_ticket_global_stock_level":"","_global_stock_mode":"","_global_stock_cap":"","_tribe_rsvp_for_event":"","_tribe_ticket_going_count":"","_tribe_ticket_not_going_count":"","_tribe_tickets_list":"[]","_tribe_ticket_has_attendee_info_fields":false,"slim_seo":{"title":"Le Forum des associations 2018 - Eyragues Multim\u00e9dia","description":""},"iawp_total_views":0,"footnotes":""},"categories":[91],"tags":[],"class_list":["post-2940","post","type-post","status-publish","format-standard","has-post-thumbnail","hentry","category-actu"],"dsm_author":{"name":"Jean-Louis MANIFACIER","avatar_url":"https:\/\/www.eyragues-multimedia.fr\/portail\/wp-content\/uploads\/ultimatemember\/1\/profile_photo.jpg?1777617758","archive_link":"https:\/\/www.eyragues-multimedia.fr\/portail","biodata":"Webmaster du site"},"dsm_categories":[{"term_name":"Actu","term_id":91,"term_link":"https:\/\/www.eyragues-multimedia.fr\/portail\/category\/actu\/"}],"dsm_attachment_categories":[],"dsm_featured_image":{"thumbnail":"https:\/\/www.eyragues-multimedia.fr\/portail\/wp-content\/uploads\/2018\/09\/Forum2018-150x150.jpg","medium":"https:\/\/www.eyragues-multimedia.fr\/portail\/wp-content\/uploads\/2018\/09\/Forum2018-300x225.jpg","medium_large":"https:\/\/www.eyragues-multimedia.fr\/portail\/wp-content\/uploads\/2018\/09\/Forum2018-768x576.jpg","large":"https:\/\/www.eyragues-multimedia.fr\/portail\/wp-content\/uploads\/2018\/09\/Forum2018-1024x768.jpg","1536x1536":"https:\/\/www.eyragues-multimedia.fr\/portail\/wp-content\/uploads\/2018\/09\/Forum2018.jpg","2048x2048":"https:\/\/www.eyragues-multimedia.fr\/portail\/wp-content\/uploads\/2018\/09\/Forum2018.jpg","et-pb-post-main-image":"https:\/\/www.eyragues-multimedia.fr\/portail\/wp-content\/uploads\/2018\/09\/Forum2018-400x250.jpg","et-pb-post-main-image-fullwidth":"https:\/\/www.eyragues-multimedia.fr\/portail\/wp-content\/uploads\/2018\/09\/Forum2018-1080x675.jpg","et-pb-portfolio-image":"https:\/\/www.eyragues-multimedia.fr\/portail\/wp-content\/uploads\/2018\/09\/Forum2018-400x284.jpg","et-pb-portfolio-module-image":"https:\/\/www.eyragues-multimedia.fr\/portail\/wp-content\/uploads\/2018\/09\/Forum2018-510x382.jpg","et-pb-portfolio-image-single":"https:\/\/www.eyragues-multimedia.fr\/portail\/wp-content\/uploads\/2018\/09\/Forum2018-1080x810.jpg","et-pb-gallery-module-image-portrait":"https:\/\/www.eyragues-multimedia.fr\/portail\/wp-content\/uploads\/2018\/09\/Forum2018-400x516.jpg","et-pb-post-main-image-fullwidth-large":"https:\/\/www.eyragues-multimedia.fr\/portail\/wp-content\/uploads\/2018\/09\/Forum2018.jpg","et-pb-image--responsive--desktop":"https:\/\/www.eyragues-multimedia.fr\/portail\/wp-content\/uploads\/2018\/09\/Forum2018.jpg","et-pb-image--responsive--tablet":"https:\/\/www.eyragues-multimedia.fr\/portail\/wp-content\/uploads\/2018\/09\/Forum2018.jpg","et-pb-image--responsive--phone":"https:\/\/www.eyragues-multimedia.fr\/portail\/wp-content\/uploads\/2018\/09\/Forum2018.jpg","mailpoet_newsletter_max":"https:\/\/www.eyragues-multimedia.fr\/portail\/wp-content\/uploads\/2018\/09\/Forum2018.jpg","full":"https:\/\/www.eyragues-multimedia.fr\/portail\/wp-content\/uploads\/2018\/09\/Forum2018.jpg"},"_links":{"self":[{"href":"https:\/\/www.eyragues-multimedia.fr\/portail\/wp-json\/wp\/v2\/posts\/2940","targetHints":{"allow":["GET"]}}],"collection":[{"href":"https:\/\/www.eyragues-multimedia.fr\/portail\/wp-json\/wp\/v2\/posts"}],"about":[{"href":"https:\/\/www.eyragues-multimedia.fr\/portail\/wp-json\/wp\/v2\/types\/post"}],"author":[{"embeddable":true,"href":"https:\/\/www.eyragues-multimedia.fr\/portail\/wp-json\/wp\/v2\/users\/1"}],"replies":[{"embeddable":true,"href":"https:\/\/www.eyragues-multimedia.fr\/portail\/wp-json\/wp\/v2\/comments?post=2940"}],"version-history":[{"count":0,"href":"https:\/\/www.eyragues-multimedia.fr\/portail\/wp-json\/wp\/v2\/posts\/2940\/revisions"}],"wp:featuredmedia":[{"embeddable":true,"href":"https:\/\/www.eyragues-multimedia.fr\/portail\/wp-json\/wp\/v2\/media\/2942"}],"wp:attachment":[{"href":"https:\/\/www.eyragues-multimedia.fr\/portail\/wp-json\/wp\/v2\/media?parent=2940"}],"wp:term":[{"taxonomy":"category","embeddable":true,"href":"https:\/\/www.eyragues-multimedia.fr\/portail\/wp-json\/wp\/v2\/categories?post=2940"},{"taxonomy":"post_tag","embeddable":true,"href":"https:\/\/www.eyragues-multimedia.fr\/portail\/wp-json\/wp\/v2\/tags?post=2940"}],"curies":[{"name":"wp","href":"https:\/\/api.w.org\/{rel}","templated":true}]}}