{"id":3307,"date":"2018-10-25T23:12:05","date_gmt":"2018-10-25T21:12:05","guid":{"rendered":"https:\/\/eyragues-multimedia.fr\/portail\/?p=3307"},"modified":"2025-08-15T10:43:13","modified_gmt":"2025-08-15T08:43:13","slug":"centenaire-guerre-de-14-18","status":"publish","type":"post","link":"https:\/\/www.eyragues-multimedia.fr\/portail\/centenaire-guerre-de-14-18\/","title":{"rendered":"CENTENAIRE GUERRE DE 14-18"},"content":{"rendered":"<div class=\"et_pb_section_0 et_pb_section et_section_regular et_block_section section_has_divider et_pb_top_divider\"><div class=\"et_pb_top_inside_divider et-no-transition\"><\/div><div class=\"et_pb_row_0 et_pb_row et_block_row\"><div class=\"et_pb_column_0 et_pb_column et_pb_column_4_4 et-last-child et_block_column et_pb_css_mix_blend_mode_passthrough\"><div class=\"et_pb_post_title_0 et_pb_post_title et_pb_bg_layout_light et_pb_module et_flex_module\"><div class=\"et_pb_title_container\"><h1 class=\"entry-title\">CENTENAIRE GUERRE DE 14-18<\/h1><p class=\"et_pb_title_meta_container\">par <span class=\"author vcard\"><a href=\"https:\/\/www.eyragues-multimedia.fr\/portail\" title=\"Articles par Martine PANCIN\">Martine PANCIN<\/a><\/span> | <span class=\"published\">25 octobre 2018<\/span><\/p><\/div><\/div><div class=\"et_pb_text_0 et_pb_text et_pb_bg_layout_light et_pb_module et_flex_module\"><div class=\"et_pb_text_inner\"><p><strong>Vendredi 16 novembre 2018<\/strong><br \/>\nEn hommage au soldats du XV\u00e8me corps<br \/>\n<strong>18h30<\/strong> Conf\u00e9rence de C. Chanteloube<br \/>\n<strong>21h<\/strong> Pi\u00e8ce de th\u00e9\u00e2tre de Andr\u00e9 Neyton<br \/>\n''La l\u00e9gende noire du Soldat O''<br \/>\norganis\u00e9 par l'Association Li VIhado<\/p>\n<p>Salle des f\u00eates Louis Michel Eyragues<\/p>\n<\/div><\/div><div class=\"et_pb_image_0 et_pb_image et_pb_module et_flex_module\"><span class=\"et_pb_image_wrap\"><img loading=\"lazy\" decoding=\"async\" src=\"https:\/\/www.eyragues-multimedia.fr\/portail\/wp-content\/uploads\/2018\/10\/SOIREE-laffaire-du-XV-e\u0300me-corps-copie.jpg\" title=\"SOIREE-laffaire-du-XV-e\u0300me-corps copie\" width=\"1240\" height=\"1754\" srcset=\"https:\/\/www.eyragues-multimedia.fr\/portail\/wp-content\/uploads\/2018\/10\/SOIREE-laffaire-du-XV-e\u0300me-corps-copie.jpg 1240w, https:\/\/www.eyragues-multimedia.fr\/portail\/wp-content\/uploads\/2018\/10\/SOIREE-laffaire-du-XV-e\u0300me-corps-copie-212x300.jpg 212w, https:\/\/www.eyragues-multimedia.fr\/portail\/wp-content\/uploads\/2018\/10\/SOIREE-laffaire-du-XV-e\u0300me-corps-copie-768x1086.jpg 768w, https:\/\/www.eyragues-multimedia.fr\/portail\/wp-content\/uploads\/2018\/10\/SOIREE-laffaire-du-XV-e\u0300me-corps-copie-724x1024.jpg 724w, https:\/\/www.eyragues-multimedia.fr\/portail\/wp-content\/uploads\/2018\/10\/SOIREE-laffaire-du-XV-e\u0300me-corps-copie-1080x1528.jpg 1080w, https:\/\/www.eyragues-multimedia.fr\/portail\/wp-content\/uploads\/2018\/10\/SOIREE-laffaire-du-XV-e\u0300me-corps-copie-610x863.jpg 610w\" sizes=\"(max-width: 1240px) 100vw, 1240px\" class=\"wp-image-3320\" \/><\/span><\/div><div class=\"et_pb_divider_0 et_pb_divider et_pb_space et_pb_divider_position_top et_pb_module\"><div class=\"et_pb_divider_internal\"><\/div><\/div><div class=\"et_pb_sidebar_0 et_pb_widget_area clearfix et_pb_widget_area_left et_pb_bg_layout_light et_pb_module et_flex_module\"><\/div><\/div><\/div><\/div>","protected":false},"excerpt":{"rendered":"","protected":false},"author":33,"featured_media":3320,"comment_status":"closed","ping_status":"closed","sticky":false,"template":"","format":"standard","meta":{"_price":"","_stock":"","_tribe_ticket_header":"","_tribe_default_ticket_provider":"","_tribe_ticket_capacity":"0","_ticket_start_date":"","_ticket_end_date":"","_tribe_ticket_show_description":"","_tribe_ticket_show_not_going":false,"_tribe_ticket_use_global_stock":"","_tribe_ticket_global_stock_level":"","_global_stock_mode":"","_global_stock_cap":"","_tribe_rsvp_for_event":"","_tribe_ticket_going_count":"","_tribe_ticket_not_going_count":"","_tribe_tickets_list":"[]","_tribe_ticket_has_attendee_info_fields":false,"slim_seo":{"title":"CENTENAIRE GUERRE DE 14-18 - Eyragues Multim\u00e9dia","description":""},"iawp_total_views":0,"footnotes":""},"categories":[91],"tags":[],"class_list":["post-3307","post","type-post","status-publish","format-standard","has-post-thumbnail","hentry","category-actu"],"dsm_author":{"name":"Martine PANCIN","avatar_url":"https:\/\/www.eyragues-multimedia.fr\/portail\/wp-content\/uploads\/ultimatemember\/33\/profile_photo-190x190.jpg?1777612473","archive_link":"https:\/\/www.eyragues-multimedia.fr\/portail","biodata":""},"dsm_categories":[{"term_name":"Actu","term_id":91,"term_link":"https:\/\/www.eyragues-multimedia.fr\/portail\/category\/actu\/"}],"dsm_attachment_categories":[],"dsm_featured_image":{"thumbnail":"https:\/\/www.eyragues-multimedia.fr\/portail\/wp-content\/uploads\/2018\/10\/SOIREE-laffaire-du-XV-e\u0300me-corps-copie-150x150.jpg","medium":"https:\/\/www.eyragues-multimedia.fr\/portail\/wp-content\/uploads\/2018\/10\/SOIREE-laffaire-du-XV-e\u0300me-corps-copie-212x300.jpg","medium_large":"https:\/\/www.eyragues-multimedia.fr\/portail\/wp-content\/uploads\/2018\/10\/SOIREE-laffaire-du-XV-e\u0300me-corps-copie-768x1086.jpg","large":"https:\/\/www.eyragues-multimedia.fr\/portail\/wp-content\/uploads\/2018\/10\/SOIREE-laffaire-du-XV-e\u0300me-corps-copie-724x1024.jpg","1536x1536":"https:\/\/www.eyragues-multimedia.fr\/portail\/wp-content\/uploads\/2018\/10\/SOIREE-laffaire-du-XV-e\u0300me-corps-copie.jpg","2048x2048":"https:\/\/www.eyragues-multimedia.fr\/portail\/wp-content\/uploads\/2018\/10\/SOIREE-laffaire-du-XV-e\u0300me-corps-copie.jpg","et-pb-post-main-image":"https:\/\/www.eyragues-multimedia.fr\/portail\/wp-content\/uploads\/2018\/10\/SOIREE-laffaire-du-XV-e\u0300me-corps-copie-400x250.jpg","et-pb-post-main-image-fullwidth":"https:\/\/www.eyragues-multimedia.fr\/portail\/wp-content\/uploads\/2018\/10\/SOIREE-laffaire-du-XV-e\u0300me-corps-copie-1080x675.jpg","et-pb-portfolio-image":"https:\/\/www.eyragues-multimedia.fr\/portail\/wp-content\/uploads\/2018\/10\/SOIREE-laffaire-du-XV-e\u0300me-corps-copie-400x284.jpg","et-pb-portfolio-module-image":"https:\/\/www.eyragues-multimedia.fr\/portail\/wp-content\/uploads\/2018\/10\/SOIREE-laffaire-du-XV-e\u0300me-corps-copie-510x382.jpg","et-pb-portfolio-image-single":"https:\/\/www.eyragues-multimedia.fr\/portail\/wp-content\/uploads\/2018\/10\/SOIREE-laffaire-du-XV-e\u0300me-corps-copie-1080x1528.jpg","et-pb-gallery-module-image-portrait":"https:\/\/www.eyragues-multimedia.fr\/portail\/wp-content\/uploads\/2018\/10\/SOIREE-laffaire-du-XV-e\u0300me-corps-copie-400x516.jpg","et-pb-post-main-image-fullwidth-large":"https:\/\/www.eyragues-multimedia.fr\/portail\/wp-content\/uploads\/2018\/10\/SOIREE-laffaire-du-XV-e\u0300me-corps-copie.jpg","et-pb-image--responsive--desktop":"https:\/\/www.eyragues-multimedia.fr\/portail\/wp-content\/uploads\/2018\/10\/SOIREE-laffaire-du-XV-e\u0300me-corps-copie.jpg","et-pb-image--responsive--tablet":"https:\/\/www.eyragues-multimedia.fr\/portail\/wp-content\/uploads\/2018\/10\/SOIREE-laffaire-du-XV-e\u0300me-corps-copie.jpg","et-pb-image--responsive--phone":"https:\/\/www.eyragues-multimedia.fr\/portail\/wp-content\/uploads\/2018\/10\/SOIREE-laffaire-du-XV-e\u0300me-corps-copie.jpg","mailpoet_newsletter_max":"https:\/\/www.eyragues-multimedia.fr\/portail\/wp-content\/uploads\/2018\/10\/SOIREE-laffaire-du-XV-e\u0300me-corps-copie.jpg","full":"https:\/\/www.eyragues-multimedia.fr\/portail\/wp-content\/uploads\/2018\/10\/SOIREE-laffaire-du-XV-e\u0300me-corps-copie.jpg"},"_links":{"self":[{"href":"https:\/\/www.eyragues-multimedia.fr\/portail\/wp-json\/wp\/v2\/posts\/3307","targetHints":{"allow":["GET"]}}],"collection":[{"href":"https:\/\/www.eyragues-multimedia.fr\/portail\/wp-json\/wp\/v2\/posts"}],"about":[{"href":"https:\/\/www.eyragues-multimedia.fr\/portail\/wp-json\/wp\/v2\/types\/post"}],"author":[{"embeddable":true,"href":"https:\/\/www.eyragues-multimedia.fr\/portail\/wp-json\/wp\/v2\/users\/33"}],"replies":[{"embeddable":true,"href":"https:\/\/www.eyragues-multimedia.fr\/portail\/wp-json\/wp\/v2\/comments?post=3307"}],"version-history":[{"count":0,"href":"https:\/\/www.eyragues-multimedia.fr\/portail\/wp-json\/wp\/v2\/posts\/3307\/revisions"}],"wp:featuredmedia":[{"embeddable":true,"href":"https:\/\/www.eyragues-multimedia.fr\/portail\/wp-json\/wp\/v2\/media\/3320"}],"wp:attachment":[{"href":"https:\/\/www.eyragues-multimedia.fr\/portail\/wp-json\/wp\/v2\/media?parent=3307"}],"wp:term":[{"taxonomy":"category","embeddable":true,"href":"https:\/\/www.eyragues-multimedia.fr\/portail\/wp-json\/wp\/v2\/categories?post=3307"},{"taxonomy":"post_tag","embeddable":true,"href":"https:\/\/www.eyragues-multimedia.fr\/portail\/wp-json\/wp\/v2\/tags?post=3307"}],"curies":[{"name":"wp","href":"https:\/\/api.w.org\/{rel}","templated":true}]}}