{"id":3335,"date":"2018-11-25T15:43:26","date_gmt":"2018-11-25T14:43:26","guid":{"rendered":"https:\/\/eyragues-multimedia.fr\/portail\/?p=3335"},"modified":"2025-08-15T10:43:13","modified_gmt":"2025-08-15T08:43:13","slug":"ago-eyragues-multimedia-le-20-12-2018","status":"publish","type":"post","link":"https:\/\/www.eyragues-multimedia.fr\/portail\/ago-eyragues-multimedia-le-20-12-2018\/","title":{"rendered":"AGO EYRAGUES MULTIMEDIA LE 20\/12\/2018"},"content":{"rendered":"<div class=\"et_d4_element et_pb_section et_pb_section_0  et_pb_css_mix_blend_mode et_section_regular section_has_divider et_pb_top_divider et_block_section\" >\n\t\t\t\t<div class=\"et_pb_top_inside_divider et-no-transition\"><\/div>\n\t\t\t\t\n\t\t\t\t\n\t\t\t\t\n\t\t\t\t\n\t\t\t\t\n\t\t\t\t<div class=\"et_d4_element et_pb_row et_pb_row_0  et_pb_css_mix_blend_mode et_block_row\">\n\t\t\t\t<div class=\"et_d4_element et_pb_column_4_4 et_pb_column et_pb_column_0  et_pb_css_mix_blend_mode et-last-child et_block_column\">\n\t\t\t\t\n\t\t\t\t\n\t\t\t\t\n\t\t\t\t\n\t\t\t\t<div class=\"et_pb_module et_d4_element et_pb_post_title et_pb_post_title_0 et_pb_bg_layout_light  et_pb_text_align_left\"   >\n\t\t\t\t\n\t\t\t\t\n\t\t\t\t\n\t\t\t\t\n\t\t\t\t\n\t\t\t\t<div class=\"et_pb_title_container\">\n\t\t\t\t\t<h1 class=\"entry-title\"><\/h1>\n\t\t\t\t<\/div>\n\t\t\t\t\n\t\t\t<\/div><div class=\"et_pb_module et_d4_element et_pb_text et_pb_text_0  et_pb_text_align_left et_pb_bg_layout_light\">\n\t\t\t\t\n\t\t\t\t\n\t\t\t\t\n\t\t\t\t\n\t\t\t\t<div class=\"et_pb_text_inner\"><p>Ch\u00e8re, cher soci\u00e9taire<\/p><p>J\u2019ai le plaisir de vous informer que la prochaine Assembl\u00e9e G\u00e9n\u00e9rale Ordinaire de notre association se tiendra<\/p><p>Le jeudi 20 d\u00e9cembre 2018 a partir de 20 h \u00e0 la salle Baudile Lagniel<\/p><p>L\u2019ordre du jour retenu est le suivant :<\/p><p>1\/ Rapports moral et d\u2019orientations pr\u00e9sent\u00e9s par le pr\u00e9sident<br \/>Rapport Moral 2018<br \/>Rapport d\u2019orientation 2019<\/p><p>2\/ Rapports financier Pr\u00e9sent\u00e9s par le tr\u00e9sorier<br \/>Pr\u00e9sentation des comptes au 31\/08\/2018<br \/>Pr\u00e9sentation budget 2019<\/p><p>3\/ Evolution des cotisations 2019.<\/p><p>4\/renouvellement administrateurs.<\/p><p>5\/ Questions diverses.<\/p><p>Je vous rappelle que seuls les membres \u00e0 jour de leur cotisation peuvent participer au vote de l\u2019Assembl\u00e9e G\u00e9n\u00e9rale.<\/p><p>Dans l\u2019attente de notre rencontre, je vous prie d\u2019agr\u00e9er, cher soci\u00e9taire, l\u2019expression de ma consid\u00e9ration distingu\u00e9e.<\/p><p>A EYRAGUES, le 14\/11\/2018<\/p><p>Le Tr\u00e9sorier :<br \/>M PIERRACINI<\/p>\r<\/div>\n\t\t\t<\/div><div class=\"et_pb_module et_d4_element et_pb_divider et_pb_divider_0 et_pb_space\"><div class=\"et_pb_divider_internal\"><\/div><\/div><div class=\"et_pb_module et_d4_element et_pb_sidebar_0 et_pb_widget_area clearfix et_pb_widget_area_left et_pb_bg_layout_light\">\n\t\t\t\t\n\t\t\t\t\n\t\t\t\t\n\t\t\t\t\n\t\t\t\t\n\t\t\t<\/div>\n\t\t\t<\/div>\n\t\t\t\t\n\t\t\t\t\n\t\t\t\t\n\t\t\t\t\n\t\t\t<\/div>\n\t\t\t\t\n\t\t\t\t\n\t\t\t<\/div>","protected":false},"excerpt":{"rendered":"","protected":false},"author":9,"featured_media":0,"comment_status":"open","ping_status":"open","sticky":false,"template":"","format":"standard","meta":{"_price":"","_stock":"","_tribe_ticket_header":"","_tribe_default_ticket_provider":"","_tribe_ticket_capacity":"0","_ticket_start_date":"","_ticket_end_date":"","_tribe_ticket_show_description":"","_tribe_ticket_show_not_going":false,"_tribe_ticket_use_global_stock":"","_tribe_ticket_global_stock_level":"","_global_stock_mode":"","_global_stock_cap":"","_tribe_rsvp_for_event":"","_tribe_ticket_going_count":"","_tribe_ticket_not_going_count":"","_tribe_tickets_list":"[]","_tribe_ticket_has_attendee_info_fields":false,"slim_seo":{"title":"AGO EYRAGUES MULTIMEDIA LE 20\/12\/2018 - Eyragues Multim\u00e9dia","description":"&nbsp; Ch\u00e8re, cher soci\u00e9taire J\u2019ai le plaisir de vous informer que la prochaine Assembl\u00e9e G\u00e9n\u00e9rale Ordinaire de notre association se tiendra Le jeudi 20 d\u00e9cembr"},"_et_pb_use_builder":"on","_et_pb_old_content":"<p>Ch\u00e8re, cher soci\u00e9taire<\/p><p>J\u2019ai le plaisir de vous informer que la prochaine Assembl\u00e9e G\u00e9n\u00e9rale Ordinaire de notre association se tiendra<\/p><p>Le jeudi 20 d\u00e9cembre 2018 a partir de 20 h a la salle Baudile Lagniel<\/p><p>L\u2019ordre du jour retenu est le suivant :<\/p><p>1\/ Rapports moral et d\u2019orientations pr\u00e9sent\u00e9s par le pr\u00e9sident<br \/>Rapport Moral 2018<br \/>Rapport d\u2019orientation 2019<\/p><p>2\/ Rapports financier Pr\u00e9sent\u00e9s par le tr\u00e9sorier<br \/>Pr\u00e9sentation des comptes au 31\/08\/2018<br \/>Pr\u00e9sentation budget 2019<\/p><p>3\/ Evolution des cotisations 2019.<\/p><p>4\/renouvellement administrateurs.<\/p><p>5\/ Questions diverses.<\/p><p>Je vous rappelle que seuls les membres \u00e0 jour de leur cotisation peuvent participer au vote de l\u2019Assembl\u00e9e G\u00e9n\u00e9rale.<\/p><p>Dans l\u2019attente de notre rencontre, je vous prie d\u2019agr\u00e9er, cher soci\u00e9taire, l\u2019expression de ma consid\u00e9ration distingu\u00e9e.<\/p><p>A EYRAGUES, le 14\/11\/2018<\/p><p>Le Tr\u00e9sorier :<br \/>M PIERRACINI<\/p>","_et_gb_content_width":"","iawp_total_views":0,"footnotes":""},"categories":[91],"tags":[],"class_list":["post-3335","post","type-post","status-publish","format-standard","hentry","category-actu"],"dsm_author":{"name":"Luc Pierracini","avatar_url":"https:\/\/www.eyragues-multimedia.fr\/portail\/wp-content\/uploads\/ultimatemember\/9\/profile_photo-190x190.jpg?1777612479","archive_link":"https:\/\/www.eyragues-multimedia.fr\/portail","biodata":""},"dsm_categories":[{"term_name":"Actu","term_id":91,"term_link":"https:\/\/www.eyragues-multimedia.fr\/portail\/category\/actu\/"}],"dsm_attachment_categories":[],"dsm_featured_image":null,"_links":{"self":[{"href":"https:\/\/www.eyragues-multimedia.fr\/portail\/wp-json\/wp\/v2\/posts\/3335","targetHints":{"allow":["GET"]}}],"collection":[{"href":"https:\/\/www.eyragues-multimedia.fr\/portail\/wp-json\/wp\/v2\/posts"}],"about":[{"href":"https:\/\/www.eyragues-multimedia.fr\/portail\/wp-json\/wp\/v2\/types\/post"}],"author":[{"embeddable":true,"href":"https:\/\/www.eyragues-multimedia.fr\/portail\/wp-json\/wp\/v2\/users\/9"}],"replies":[{"embeddable":true,"href":"https:\/\/www.eyragues-multimedia.fr\/portail\/wp-json\/wp\/v2\/comments?post=3335"}],"version-history":[{"count":0,"href":"https:\/\/www.eyragues-multimedia.fr\/portail\/wp-json\/wp\/v2\/posts\/3335\/revisions"}],"wp:attachment":[{"href":"https:\/\/www.eyragues-multimedia.fr\/portail\/wp-json\/wp\/v2\/media?parent=3335"}],"wp:term":[{"taxonomy":"category","embeddable":true,"href":"https:\/\/www.eyragues-multimedia.fr\/portail\/wp-json\/wp\/v2\/categories?post=3335"},{"taxonomy":"post_tag","embeddable":true,"href":"https:\/\/www.eyragues-multimedia.fr\/portail\/wp-json\/wp\/v2\/tags?post=3335"}],"curies":[{"name":"wp","href":"https:\/\/api.w.org\/{rel}","templated":true}]}}