{"id":3531,"date":"2019-04-18T06:59:10","date_gmt":"2019-04-18T04:59:10","guid":{"rendered":"https:\/\/eyragues-multimedia.fr\/portail\/?p=3531"},"modified":"2025-08-15T10:43:13","modified_gmt":"2025-08-15T08:43:13","slug":"soiree-canal-des-alpines","status":"publish","type":"post","link":"https:\/\/www.eyragues-multimedia.fr\/portail\/soiree-canal-des-alpines\/","title":{"rendered":"soir\u00e9e canal des Alpines"},"content":{"rendered":"<div class=\"et_pb_section_0 et_pb_section et_section_regular et_block_section\"><div class=\"et_pb_row_0 et_pb_row et_block_row\"><div class=\"et_pb_column_0 et_pb_column et_pb_column_4_4 et-last-child et_block_column et_pb_css_mix_blend_mode_passthrough\"><div class=\"et_pb_post_title_0 et_pb_post_title et_pb_bg_layout_light et_pb_module et_flex_module\"><div class=\"et_pb_title_container\"><p class=\"et_pb_title_meta_container\">par <span class=\"author vcard\"><a href=\"https:\/\/www.eyragues-multimedia.fr\/portail\" title=\"Articles par Eric MOUSSY\">Eric MOUSSY<\/a><\/span> | <span class=\"published\">18 Avr 2019<\/span> | <span class=\"comments-number\"><a href=\"https:\/\/www.eyragues-multimedia.fr\/portail\/soiree-canal-des-alpines\/#respond\">0 commentaire<\/a><\/span><\/p><\/div><\/div><div class=\"et_pb_text_0 et_pb_text et_pb_bg_layout_light et_pb_module et_flex_module\"><div class=\"et_pb_text_inner\"><p><!-- divi:paragraph {\"align\":\"center\"} --><\/p>\n<h3 style=\"text-align: center;\">vendredi 26 Avril \u00e0 la bastide ( au-dessus du mus\u00e9e) \u00e0 Eyragues \u00e0 partir de 20 h<\/h3>\n<p><!-- \/divi:paragraph --><!-- divi:paragraph {\"align\":\"center\"} --><\/p>\n<h2 style=\"text-align: center;\"><strong>soir\u00e9e sur le th\u00e8me du Canal des Alpines suivi d'un d\u00e9bat<\/strong><\/h2>\n<h2><!-- \/divi:paragraph --><!-- divi:paragraph {\"align\":\"center\"} --><\/h2>\n<h2 style=\"text-align: center;\"><strong>entr\u00e9e gratuite<\/strong><\/h2>\n<p><!-- \/divi:paragraph --><\/p>\n<\/div><\/div><div class=\"et_pb_image_0 et_pb_image et_pb_module et_flex_module\"><span class=\"et_pb_image_wrap\"><img loading=\"lazy\" decoding=\"async\" src=\"https:\/\/www.eyragues-multimedia.fr\/portail\/wp-content\/uploads\/2019\/04\/EmmFilm2018Affiche.jpeg\" title=\"EmmFilm2018Affiche\" width=\"1240\" height=\"1753\" srcset=\"https:\/\/www.eyragues-multimedia.fr\/portail\/wp-content\/uploads\/2019\/04\/EmmFilm2018Affiche.jpeg 1240w, https:\/\/www.eyragues-multimedia.fr\/portail\/wp-content\/uploads\/2019\/04\/EmmFilm2018Affiche-212x300.jpeg 212w, https:\/\/www.eyragues-multimedia.fr\/portail\/wp-content\/uploads\/2019\/04\/EmmFilm2018Affiche-768x1086.jpeg 768w, https:\/\/www.eyragues-multimedia.fr\/portail\/wp-content\/uploads\/2019\/04\/EmmFilm2018Affiche-724x1024.jpeg 724w, https:\/\/www.eyragues-multimedia.fr\/portail\/wp-content\/uploads\/2019\/04\/EmmFilm2018Affiche-1080x1527.jpeg 1080w\" sizes=\"(max-width: 1240px) 100vw, 1240px\" class=\"wp-image-3538\" \/><\/span><\/div><\/div><\/div><\/div>","protected":false},"excerpt":{"rendered":"","protected":false},"author":2,"featured_media":3538,"comment_status":"open","ping_status":"open","sticky":false,"template":"","format":"standard","meta":{"_price":"","_stock":"","_tribe_ticket_header":"","_tribe_default_ticket_provider":"","_tribe_ticket_capacity":"0","_ticket_start_date":"","_ticket_end_date":"","_tribe_ticket_show_description":"","_tribe_ticket_show_not_going":false,"_tribe_ticket_use_global_stock":"","_tribe_ticket_global_stock_level":"","_global_stock_mode":"","_global_stock_cap":"","_tribe_rsvp_for_event":"","_tribe_ticket_going_count":"","_tribe_ticket_not_going_count":"","_tribe_tickets_list":"[]","_tribe_ticket_has_attendee_info_fields":false,"slim_seo":{"title":"soir\u00e9e canal des Alpines - Eyragues Multim\u00e9dia","description":""},"iawp_total_views":0,"footnotes":""},"categories":[91],"tags":[],"class_list":["post-3531","post","type-post","status-publish","format-standard","has-post-thumbnail","hentry","category-actu"],"dsm_author":{"name":"Eric MOUSSY","avatar_url":"https:\/\/www.eyragues-multimedia.fr\/portail\/wp-content\/plugins\/ultimate-member\/assets\/img\/default_avatar.jpg","archive_link":"https:\/\/www.eyragues-multimedia.fr\/portail","biodata":""},"dsm_categories":[{"term_name":"Actu","term_id":91,"term_link":"https:\/\/www.eyragues-multimedia.fr\/portail\/category\/actu\/"}],"dsm_attachment_categories":[],"dsm_featured_image":{"thumbnail":"https:\/\/www.eyragues-multimedia.fr\/portail\/wp-content\/uploads\/2019\/04\/EmmFilm2018Affiche-150x150.jpeg","medium":"https:\/\/www.eyragues-multimedia.fr\/portail\/wp-content\/uploads\/2019\/04\/EmmFilm2018Affiche-212x300.jpeg","medium_large":"https:\/\/www.eyragues-multimedia.fr\/portail\/wp-content\/uploads\/2019\/04\/EmmFilm2018Affiche-768x1086.jpeg","large":"https:\/\/www.eyragues-multimedia.fr\/portail\/wp-content\/uploads\/2019\/04\/EmmFilm2018Affiche-724x1024.jpeg","1536x1536":"https:\/\/www.eyragues-multimedia.fr\/portail\/wp-content\/uploads\/2019\/04\/EmmFilm2018Affiche.jpeg","2048x2048":"https:\/\/www.eyragues-multimedia.fr\/portail\/wp-content\/uploads\/2019\/04\/EmmFilm2018Affiche.jpeg","et-pb-post-main-image":"https:\/\/www.eyragues-multimedia.fr\/portail\/wp-content\/uploads\/2019\/04\/EmmFilm2018Affiche-400x250.jpeg","et-pb-post-main-image-fullwidth":"https:\/\/www.eyragues-multimedia.fr\/portail\/wp-content\/uploads\/2019\/04\/EmmFilm2018Affiche-1080x675.jpeg","et-pb-portfolio-image":"https:\/\/www.eyragues-multimedia.fr\/portail\/wp-content\/uploads\/2019\/04\/EmmFilm2018Affiche-400x284.jpeg","et-pb-portfolio-module-image":"https:\/\/www.eyragues-multimedia.fr\/portail\/wp-content\/uploads\/2019\/04\/EmmFilm2018Affiche-510x382.jpeg","et-pb-portfolio-image-single":"https:\/\/www.eyragues-multimedia.fr\/portail\/wp-content\/uploads\/2019\/04\/EmmFilm2018Affiche-1080x1527.jpeg","et-pb-gallery-module-image-portrait":"https:\/\/www.eyragues-multimedia.fr\/portail\/wp-content\/uploads\/2019\/04\/EmmFilm2018Affiche-400x516.jpeg","et-pb-post-main-image-fullwidth-large":"https:\/\/www.eyragues-multimedia.fr\/portail\/wp-content\/uploads\/2019\/04\/EmmFilm2018Affiche.jpeg","et-pb-image--responsive--desktop":"https:\/\/www.eyragues-multimedia.fr\/portail\/wp-content\/uploads\/2019\/04\/EmmFilm2018Affiche.jpeg","et-pb-image--responsive--tablet":"https:\/\/www.eyragues-multimedia.fr\/portail\/wp-content\/uploads\/2019\/04\/EmmFilm2018Affiche.jpeg","et-pb-image--responsive--phone":"https:\/\/www.eyragues-multimedia.fr\/portail\/wp-content\/uploads\/2019\/04\/EmmFilm2018Affiche.jpeg","mailpoet_newsletter_max":"https:\/\/www.eyragues-multimedia.fr\/portail\/wp-content\/uploads\/2019\/04\/EmmFilm2018Affiche.jpeg","full":"https:\/\/www.eyragues-multimedia.fr\/portail\/wp-content\/uploads\/2019\/04\/EmmFilm2018Affiche.jpeg"},"_links":{"self":[{"href":"https:\/\/www.eyragues-multimedia.fr\/portail\/wp-json\/wp\/v2\/posts\/3531","targetHints":{"allow":["GET"]}}],"collection":[{"href":"https:\/\/www.eyragues-multimedia.fr\/portail\/wp-json\/wp\/v2\/posts"}],"about":[{"href":"https:\/\/www.eyragues-multimedia.fr\/portail\/wp-json\/wp\/v2\/types\/post"}],"author":[{"embeddable":true,"href":"https:\/\/www.eyragues-multimedia.fr\/portail\/wp-json\/wp\/v2\/users\/2"}],"replies":[{"embeddable":true,"href":"https:\/\/www.eyragues-multimedia.fr\/portail\/wp-json\/wp\/v2\/comments?post=3531"}],"version-history":[{"count":0,"href":"https:\/\/www.eyragues-multimedia.fr\/portail\/wp-json\/wp\/v2\/posts\/3531\/revisions"}],"wp:featuredmedia":[{"embeddable":true,"href":"https:\/\/www.eyragues-multimedia.fr\/portail\/wp-json\/wp\/v2\/media\/3538"}],"wp:attachment":[{"href":"https:\/\/www.eyragues-multimedia.fr\/portail\/wp-json\/wp\/v2\/media?parent=3531"}],"wp:term":[{"taxonomy":"category","embeddable":true,"href":"https:\/\/www.eyragues-multimedia.fr\/portail\/wp-json\/wp\/v2\/categories?post=3531"},{"taxonomy":"post_tag","embeddable":true,"href":"https:\/\/www.eyragues-multimedia.fr\/portail\/wp-json\/wp\/v2\/tags?post=3531"}],"curies":[{"name":"wp","href":"https:\/\/api.w.org\/{rel}","templated":true}]}}